{"id":31,"date":"2021-11-06T17:16:00","date_gmt":"2021-11-06T16:16:00","guid":{"rendered":"https:\/\/hospicjumdomowe.com\/?p=31"},"modified":"2021-12-13T18:46:49","modified_gmt":"2021-12-13T17:46:49","slug":"jubileuszowy-koncert-w-centrum-nauki-kopernik","status":"publish","type":"post","link":"http:\/\/hospicjumdomowe.com\/?p=31","title":{"rendered":"Jubileuszowy koncert w Centrum Nauki Kopernik"},"content":{"rendered":"\n<p>2 pa\u017adziernika Archidiecezjalny Zesp\u00f3\u0142 Domowej Opieki Paliatywnej sko\u0144czy\u0142 25 lat! Z okazji naszego jubileuszu odby\u0142o si\u0119 si\u0119 wiele uroczysto\u015bci. 18 pa\u017adziernika w Centrum Nauki Kopernik, mia\u0142 miejsce uroczysty wiecz\u00f3r jubileuszowy, u\u015bwietniony koncertem Pani Anny Jurksztowicz. Gal\u0119 z tej okazji przygotowa\u0142o dla nas Miasto Sto\u0142eczne Warszawa. W\u015br\u00f3d licznych go\u015bci by\u0142y w\u0142adze Warszawy, dzielnic Bielany i Bemowo, sponsorzy, darczy\u0144cy, politycy, wybitni medycy, znamienici duchowni, szeroka reprezentacja szk\u00f3\u0142 biela\u0144skich no i oczywi\u015bcie nasz zesp\u00f3\u0142. Podczas wieczoru nasz Ksi\u0105dz W\u0142adys\u0142aw Duda zosta\u0142 odznaczony przez w\u0142adze Warszawy odznaczeniem za Zas\u0142ugi dla Warszawy.<\/p>\n\n\n\n<figure class=\"wp-block-image size-large\"><img decoding=\"async\" loading=\"lazy\" width=\"1000\" height=\"666\" src=\"https:\/\/hospicjumdomowe.com\/wp-content\/uploads\/2021\/12\/gala-hospicjum-22.jpg\" alt=\"\" class=\"wp-image-108\" srcset=\"http:\/\/hospicjumdomowe.com\/wp-content\/uploads\/2021\/12\/gala-hospicjum-22.jpg 1000w, http:\/\/hospicjumdomowe.com\/wp-content\/uploads\/2021\/12\/gala-hospicjum-22-300x200.jpg 300w, http:\/\/hospicjumdomowe.com\/wp-content\/uploads\/2021\/12\/gala-hospicjum-22-768x511.jpg 768w\" sizes=\"(max-width: 1000px) 100vw, 1000px\" \/><\/figure>\n\n\n\n<figure class=\"wp-block-image size-large\"><img decoding=\"async\" loading=\"lazy\" width=\"1024\" height=\"683\" src=\"https:\/\/hospicjumdomowe.com\/wp-content\/uploads\/2021\/12\/gala-hospicjum-24-1024x683.jpg\" alt=\"\" class=\"wp-image-109\" srcset=\"http:\/\/hospicjumdomowe.com\/wp-content\/uploads\/2021\/12\/gala-hospicjum-24-1024x683.jpg 1024w, http:\/\/hospicjumdomowe.com\/wp-content\/uploads\/2021\/12\/gala-hospicjum-24-300x200.jpg 300w, http:\/\/hospicjumdomowe.com\/wp-content\/uploads\/2021\/12\/gala-hospicjum-24-768x512.jpg 768w, http:\/\/hospicjumdomowe.com\/wp-content\/uploads\/2021\/12\/gala-hospicjum-24-1200x800.jpg 1200w, http:\/\/hospicjumdomowe.com\/wp-content\/uploads\/2021\/12\/gala-hospicjum-24.jpg 1500w\" sizes=\"(max-width: 1024px) 100vw, 1024px\" \/><\/figure>\n\n\n\n<figure class=\"wp-block-image size-large\"><img decoding=\"async\" loading=\"lazy\" width=\"1024\" height=\"683\" src=\"https:\/\/hospicjumdomowe.com\/wp-content\/uploads\/2021\/12\/gala-hospicjum-29-1024x683.jpg\" alt=\"\" class=\"wp-image-110\" srcset=\"http:\/\/hospicjumdomowe.com\/wp-content\/uploads\/2021\/12\/gala-hospicjum-29-1024x683.jpg 1024w, http:\/\/hospicjumdomowe.com\/wp-content\/uploads\/2021\/12\/gala-hospicjum-29-300x200.jpg 300w, http:\/\/hospicjumdomowe.com\/wp-content\/uploads\/2021\/12\/gala-hospicjum-29-768x512.jpg 768w, http:\/\/hospicjumdomowe.com\/wp-content\/uploads\/2021\/12\/gala-hospicjum-29-1200x800.jpg 1200w, http:\/\/hospicjumdomowe.com\/wp-content\/uploads\/2021\/12\/gala-hospicjum-29.jpg 1500w\" sizes=\"(max-width: 1024px) 100vw, 1024px\" \/><\/figure>\n\n\n\n<figure class=\"wp-block-image size-large\"><img decoding=\"async\" loading=\"lazy\" width=\"1024\" height=\"683\" src=\"https:\/\/hospicjumdomowe.com\/wp-content\/uploads\/2021\/12\/gala-hospicjum-31-1024x683.jpg\" alt=\"\" class=\"wp-image-111\" srcset=\"http:\/\/hospicjumdomowe.com\/wp-content\/uploads\/2021\/12\/gala-hospicjum-31-1024x683.jpg 1024w, http:\/\/hospicjumdomowe.com\/wp-content\/uploads\/2021\/12\/gala-hospicjum-31-300x200.jpg 300w, http:\/\/hospicjumdomowe.com\/wp-content\/uploads\/2021\/12\/gala-hospicjum-31-768x512.jpg 768w, http:\/\/hospicjumdomowe.com\/wp-content\/uploads\/2021\/12\/gala-hospicjum-31-1200x800.jpg 1200w, http:\/\/hospicjumdomowe.com\/wp-content\/uploads\/2021\/12\/gala-hospicjum-31.jpg 1500w\" sizes=\"(max-width: 1024px) 100vw, 1024px\" \/><\/figure>\n\n\n\n<figure class=\"wp-block-image size-large\"><img decoding=\"async\" src=\"https:\/\/hospicjumdomowe.com\/wp-content\/uploads\/2021\/12\/gala-hospicjum-32-1024x764.jpg\" alt=\"\"\/><\/figure>\n\n\n\n<figure class=\"wp-block-image size-large\"><img decoding=\"async\" loading=\"lazy\" width=\"716\" height=\"1024\" src=\"http:\/\/hospicjumdomowe.com\/wp-content\/uploads\/2021\/12\/IMG_20211213_183954_2-716x1024.jpg\" alt=\"\" class=\"wp-image-161\" srcset=\"http:\/\/hospicjumdomowe.com\/wp-content\/uploads\/2021\/12\/IMG_20211213_183954_2-716x1024.jpg 716w, http:\/\/hospicjumdomowe.com\/wp-content\/uploads\/2021\/12\/IMG_20211213_183954_2-210x300.jpg 210w, http:\/\/hospicjumdomowe.com\/wp-content\/uploads\/2021\/12\/IMG_20211213_183954_2-768x1098.jpg 768w, http:\/\/hospicjumdomowe.com\/wp-content\/uploads\/2021\/12\/IMG_20211213_183954_2-1074x1536.jpg 1074w, http:\/\/hospicjumdomowe.com\/wp-content\/uploads\/2021\/12\/IMG_20211213_183954_2-1432x2048.jpg 1432w, http:\/\/hospicjumdomowe.com\/wp-content\/uploads\/2021\/12\/IMG_20211213_183954_2-1200x1716.jpg 1200w, http:\/\/hospicjumdomowe.com\/wp-content\/uploads\/2021\/12\/IMG_20211213_183954_2-1980x2831.jpg 1980w, http:\/\/hospicjumdomowe.com\/wp-content\/uploads\/2021\/12\/IMG_20211213_183954_2-scaled.jpg 1790w\" sizes=\"(max-width: 716px) 100vw, 716px\" \/><\/figure>\n\n\n\n<figure class=\"wp-block-image size-large\"><img decoding=\"async\" src=\"https:\/\/hospicjumdomowe.com\/wp-content\/uploads\/2021\/12\/gala-hospicjum-35-1024x702.jpg\" alt=\"\"\/><\/figure>\n\n\n\n<figure class=\"wp-block-image size-large\"><img decoding=\"async\" src=\"https:\/\/hospicjumdomowe.com\/wp-content\/uploads\/2021\/12\/gala-hospicjum-36-1024x683.jpg\" alt=\"\"\/><\/figure>\n\n\n\n<figure class=\"wp-block-image size-large\"><img decoding=\"async\" src=\"https:\/\/hospicjumdomowe.com\/wp-content\/uploads\/2021\/12\/gala-hospicjum-38-1024x683.jpg\" alt=\"\"\/><\/figure>\n\n\n\n<figure class=\"wp-block-image size-large\"><img decoding=\"async\" src=\"https:\/\/hospicjumdomowe.com\/wp-content\/uploads\/2021\/12\/gala-hospicjum-46-1024x683.jpg\" alt=\"\"\/><\/figure>\n\n\n\n<figure class=\"wp-block-image size-large\"><img decoding=\"async\" src=\"https:\/\/hospicjumdomowe.com\/wp-content\/uploads\/2021\/12\/gala-hospicjum-47-1024x683.jpg\" alt=\"\"\/><\/figure>\n\n\n\n<figure class=\"wp-block-image size-large\"><img decoding=\"async\" src=\"https:\/\/hospicjumdomowe.com\/wp-content\/uploads\/2021\/12\/gala-hospicjum-50-1024x683.jpg\" alt=\"\"\/><\/figure>\n\n\n\n<figure class=\"wp-block-image size-large\"><img decoding=\"async\" src=\"https:\/\/hospicjumdomowe.com\/wp-content\/uploads\/2021\/12\/gala-hospicjum-51-1024x682.jpg\" alt=\"\"\/><\/figure>\n\n\n\n<figure class=\"wp-block-image size-large\"><img decoding=\"async\" src=\"https:\/\/hospicjumdomowe.com\/wp-content\/uploads\/2021\/12\/gala-hospicjum-58-1024x683.jpg\" alt=\"\"\/><\/figure>\n\n\n\n<figure class=\"wp-block-image size-large\"><img decoding=\"async\" src=\"https:\/\/hospicjumdomowe.com\/wp-content\/uploads\/2021\/12\/gala-hospicjum-62-1024x683.jpg\" alt=\"\"\/><\/figure>\n\n\n\n<figure class=\"wp-block-image size-large\"><img decoding=\"async\" src=\"https:\/\/hospicjumdomowe.com\/wp-content\/uploads\/2021\/12\/gala-hospicjum-65-1024x682.jpg\" alt=\"\"\/><\/figure>\n","protected":false},"excerpt":{"rendered":"<p>2 pa\u017adziernika Archidiecezjalny Zesp\u00f3\u0142 Domowej Opieki Paliatywnej sko\u0144czy\u0142 25 lat! Z okazji naszego jubileuszu odby\u0142o si\u0119 si\u0119 wiele uroczysto\u015bci. 18 pa\u017adziernika w Centrum Nauki Kopernik, mia\u0142 miejsce uroczysty wiecz\u00f3r jubileuszowy, u\u015bwietniony koncertem Pani Anny Jurksztowicz. Gal\u0119 z tej okazji przygotowa\u0142o dla nas Miasto Sto\u0142eczne Warszawa. W\u015br\u00f3d licznych go\u015bci by\u0142y w\u0142adze Warszawy, dzielnic Bielany i Bemowo, &hellip; <a href=\"http:\/\/hospicjumdomowe.com\/?p=31\" class=\"more-link\">Czytaj dalej <span class=\"screen-reader-text\">Jubileuszowy koncert w Centrum Nauki Kopernik<\/span><\/a><\/p>\n","protected":false},"author":1,"featured_media":0,"comment_status":"open","ping_status":"open","sticky":false,"template":"","format":"standard","meta":[],"categories":[1],"tags":[],"_links":{"self":[{"href":"http:\/\/hospicjumdomowe.com\/index.php?rest_route=\/wp\/v2\/posts\/31"}],"collection":[{"href":"http:\/\/hospicjumdomowe.com\/index.php?rest_route=\/wp\/v2\/posts"}],"about":[{"href":"http:\/\/hospicjumdomowe.com\/index.php?rest_route=\/wp\/v2\/types\/post"}],"author":[{"embeddable":true,"href":"http:\/\/hospicjumdomowe.com\/index.php?rest_route=\/wp\/v2\/users\/1"}],"replies":[{"embeddable":true,"href":"http:\/\/hospicjumdomowe.com\/index.php?rest_route=%2Fwp%2Fv2%2Fcomments&post=31"}],"version-history":[{"count":6,"href":"http:\/\/hospicjumdomowe.com\/index.php?rest_route=\/wp\/v2\/posts\/31\/revisions"}],"predecessor-version":[{"id":228,"href":"http:\/\/hospicjumdomowe.com\/index.php?rest_route=\/wp\/v2\/posts\/31\/revisions\/228"}],"wp:attachment":[{"href":"http:\/\/hospicjumdomowe.com\/index.php?rest_route=%2Fwp%2Fv2%2Fmedia&parent=31"}],"wp:term":[{"taxonomy":"category","embeddable":true,"href":"http:\/\/hospicjumdomowe.com\/index.php?rest_route=%2Fwp%2Fv2%2Fcategories&post=31"},{"taxonomy":"post_tag","embeddable":true,"href":"http:\/\/hospicjumdomowe.com\/index.php?rest_route=%2Fwp%2Fv2%2Ftags&post=31"}],"curies":[{"name":"wp","href":"https:\/\/api.w.org\/{rel}","templated":true}]}}