{"id":382,"date":"2024-06-08T10:01:17","date_gmt":"2024-06-08T08:01:17","guid":{"rendered":"http:\/\/hospicjumdomowe.com\/?p=382"},"modified":"2024-06-08T10:03:06","modified_gmt":"2024-06-08T08:03:06","slug":"382","status":"publish","type":"post","link":"http:\/\/hospicjumdomowe.com\/?p=382","title":{"rendered":"ZAPRASZAMY NA KONCERT"},"content":{"rendered":"\n<figure class=\"wp-block-image size-large is-resized\"><img decoding=\"async\" loading=\"lazy\" src=\"http:\/\/hospicjumdomowe.com\/wp-content\/uploads\/2024\/06\/koncertMlociny-1024x450.jpg\" alt=\"\" class=\"wp-image-386\" width=\"690\" height=\"303\" srcset=\"http:\/\/hospicjumdomowe.com\/wp-content\/uploads\/2024\/06\/koncertMlociny-1024x450.jpg 1024w, http:\/\/hospicjumdomowe.com\/wp-content\/uploads\/2024\/06\/koncertMlociny-300x132.jpg 300w, http:\/\/hospicjumdomowe.com\/wp-content\/uploads\/2024\/06\/koncertMlociny-768x337.jpg 768w, http:\/\/hospicjumdomowe.com\/wp-content\/uploads\/2024\/06\/koncertMlociny-1536x675.jpg 1536w, http:\/\/hospicjumdomowe.com\/wp-content\/uploads\/2024\/06\/koncertMlociny.jpg 1609w\" sizes=\"(max-width: 690px) 100vw, 690px\" \/><\/figure>\n\n\n\n<p><\/p>\n\n\n\n<p>W sobot\u0119 15.06 zapraszamy do ogrodu Parafii Matki Bo\u017cej Kr\u00f3lowej Pokoju na M\u0142ocinach na cudowny koncert <strong>niemaGOtu<\/strong>, wykonany przez wspania\u0142ych muzyk\u00f3w, kt\u00f3rzy b\u0119d\u0105 gra\u0107 i \u015bpiewa\u0107 dla &#8222;naszych&#8221; pacjent\u00f3w. Nawet sama Wasza obecno\u015b\u0107 b\u0119dzie wsparciem dla nas. Zapraszamy!<\/p>\n\n\n\n<figure class=\"wp-block-video\"><video controls src=\"http:\/\/hospicjumdomowe.com\/wp-content\/uploads\/2024\/06\/FDownloader.net-1382738969106491-540p-2.mp4\"><\/video><\/figure>\n\n\n\n<p><\/p>\n\n\n\n<p>Muzyczna Karuzela Dobra przedstawia kr\u00f3tk\u0105 informacj\u0119 o naszym Hospicjum <\/p>\n\n\n\n<p>Hospicjum Domowe &#8211; Archidiecezjalny Zesp\u00f3\u0142 Domowej Opieki Paliatywnej zosta\u0142 powo\u0142any 2 pa\u017adziernika 1996 roku przez Prymasa Polski kard. J\u00f3zefa Glempa, by nie\u015b\u0107 ulg\u0119 osobom nieuleczalnie chorym i umieraj\u0105cym, a tak\u017ce ich rodzinom zapewniaj\u0105c im opiek\u0119 lekarsk\u0105, duchow\u0105, socjaln\u0105 i psychologiczn\u0105,<\/p>\n\n\n\n<p>Swoj\u0105 opiek\u0105 obejmuj\u0105 obecnie ponad 130 pacjent\u00f3w dziennie,<\/p>\n\n\n\n<p>Pacjentami Hospicjum s\u0105 g\u0142\u00f3wnie osoby choruj\u0105ce na nowotwory z\u0142o\u015bliwe, ale i inne nieuleczalne choroby; dzia\u0142anie plac\u00f3wki opiera si\u0119 na poprawie jako\u015bci ich \u017cycia oraz zaspokajanie potrzeb pacjent\u00f3w i ich rodzin, jak r\u00f3wnie\u017c na \u0142agodzeniu objaw\u00f3w towarzysz\u0105cych ich chorobom.<\/p>\n\n\n\n<p><\/p>\n","protected":false},"excerpt":{"rendered":"<p>W sobot\u0119 15.06 zapraszamy do ogrodu Parafii Matki Bo\u017cej Kr\u00f3lowej Pokoju na M\u0142ocinach na cudowny koncert niemaGOtu, wykonany przez wspania\u0142ych muzyk\u00f3w, kt\u00f3rzy b\u0119d\u0105 gra\u0107 i \u015bpiewa\u0107 dla &#8222;naszych&#8221; pacjent\u00f3w. Nawet sama Wasza obecno\u015b\u0107 b\u0119dzie wsparciem dla nas. Zapraszamy! Muzyczna Karuzela Dobra przedstawia kr\u00f3tk\u0105 informacj\u0119 o naszym Hospicjum Hospicjum Domowe &#8211; Archidiecezjalny Zesp\u00f3\u0142 Domowej Opieki Paliatywnej &hellip; <a href=\"http:\/\/hospicjumdomowe.com\/?p=382\" class=\"more-link\">Czytaj dalej <span class=\"screen-reader-text\">ZAPRASZAMY NA KONCERT<\/span><\/a><\/p>\n","protected":false},"author":1,"featured_media":0,"comment_status":"closed","ping_status":"open","sticky":false,"template":"","format":"standard","meta":[],"categories":[1],"tags":[],"_links":{"self":[{"href":"http:\/\/hospicjumdomowe.com\/index.php?rest_route=\/wp\/v2\/posts\/382"}],"collection":[{"href":"http:\/\/hospicjumdomowe.com\/index.php?rest_route=\/wp\/v2\/posts"}],"about":[{"href":"http:\/\/hospicjumdomowe.com\/index.php?rest_route=\/wp\/v2\/types\/post"}],"author":[{"embeddable":true,"href":"http:\/\/hospicjumdomowe.com\/index.php?rest_route=\/wp\/v2\/users\/1"}],"replies":[{"embeddable":true,"href":"http:\/\/hospicjumdomowe.com\/index.php?rest_route=%2Fwp%2Fv2%2Fcomments&post=382"}],"version-history":[{"count":2,"href":"http:\/\/hospicjumdomowe.com\/index.php?rest_route=\/wp\/v2\/posts\/382\/revisions"}],"predecessor-version":[{"id":388,"href":"http:\/\/hospicjumdomowe.com\/index.php?rest_route=\/wp\/v2\/posts\/382\/revisions\/388"}],"wp:attachment":[{"href":"http:\/\/hospicjumdomowe.com\/index.php?rest_route=%2Fwp%2Fv2%2Fmedia&parent=382"}],"wp:term":[{"taxonomy":"category","embeddable":true,"href":"http:\/\/hospicjumdomowe.com\/index.php?rest_route=%2Fwp%2Fv2%2Fcategories&post=382"},{"taxonomy":"post_tag","embeddable":true,"href":"http:\/\/hospicjumdomowe.com\/index.php?rest_route=%2Fwp%2Fv2%2Ftags&post=382"}],"curies":[{"name":"wp","href":"https:\/\/api.w.org\/{rel}","templated":true}]}}