{"id":640,"date":"2025-11-07T18:33:55","date_gmt":"2025-11-07T17:33:55","guid":{"rendered":"https:\/\/hospicjumdomowe.com\/?p=640"},"modified":"2025-11-07T18:37:57","modified_gmt":"2025-11-07T17:37:57","slug":"pola-nadziei-w-dzielnicy-bemowo","status":"publish","type":"post","link":"http:\/\/hospicjumdomowe.com\/?p=640","title":{"rendered":"Pola Nadziei na Bemowie"},"content":{"rendered":"\n<figure class=\"wp-block-gallery has-nested-images columns-default is-cropped wp-block-gallery-1 is-layout-flex\">\n<figure class=\"wp-block-image size-large\"><img decoding=\"async\" loading=\"lazy\" width=\"768\" height=\"1024\" data-id=\"649\"  src=\"http:\/\/hospicjumdomowe.com\/wp-content\/uploads\/2025\/11\/pola-nadz-bem-5-768x1024.jpg\" alt=\"\" class=\"wp-image-649\" srcset=\"http:\/\/hospicjumdomowe.com\/wp-content\/uploads\/2025\/11\/pola-nadz-bem-5-768x1024.jpg 768w, http:\/\/hospicjumdomowe.com\/wp-content\/uploads\/2025\/11\/pola-nadz-bem-5-225x300.jpg 225w, http:\/\/hospicjumdomowe.com\/wp-content\/uploads\/2025\/11\/pola-nadz-bem-5-1152x1536.jpg 1152w, http:\/\/hospicjumdomowe.com\/wp-content\/uploads\/2025\/11\/pola-nadz-bem-5.jpg 1536w\" sizes=\"(max-width: 768px) 100vw, 768px\" \/><\/figure>\n\n\n\n<figure class=\"wp-block-image size-large\"><img decoding=\"async\" loading=\"lazy\" width=\"1024\" height=\"461\" data-id=\"645\"  src=\"http:\/\/hospicjumdomowe.com\/wp-content\/uploads\/2025\/11\/pola-nadz-bem-3-1024x461.jpg\" alt=\"\" class=\"wp-image-645\" srcset=\"http:\/\/hospicjumdomowe.com\/wp-content\/uploads\/2025\/11\/pola-nadz-bem-3-1024x461.jpg 1024w, http:\/\/hospicjumdomowe.com\/wp-content\/uploads\/2025\/11\/pola-nadz-bem-3-300x135.jpg 300w, http:\/\/hospicjumdomowe.com\/wp-content\/uploads\/2025\/11\/pola-nadz-bem-3-768x346.jpg 768w, http:\/\/hospicjumdomowe.com\/wp-content\/uploads\/2025\/11\/pola-nadz-bem-3-1536x691.jpg 1536w, http:\/\/hospicjumdomowe.com\/wp-content\/uploads\/2025\/11\/pola-nadz-bem-3-2048x922.jpg 2048w\" sizes=\"(max-width: 1024px) 100vw, 1024px\" \/><\/figure>\n\n\n\n<figure class=\"wp-block-image size-large\"><img decoding=\"async\" loading=\"lazy\" width=\"1024\" height=\"768\" data-id=\"650\"  src=\"http:\/\/hospicjumdomowe.com\/wp-content\/uploads\/2025\/11\/pola-nadz-bem-6-1024x768.jpg\" alt=\"\" class=\"wp-image-650\" srcset=\"http:\/\/hospicjumdomowe.com\/wp-content\/uploads\/2025\/11\/pola-nadz-bem-6-1024x768.jpg 1024w, http:\/\/hospicjumdomowe.com\/wp-content\/uploads\/2025\/11\/pola-nadz-bem-6-300x225.jpg 300w, http:\/\/hospicjumdomowe.com\/wp-content\/uploads\/2025\/11\/pola-nadz-bem-6-768x576.jpg 768w, http:\/\/hospicjumdomowe.com\/wp-content\/uploads\/2025\/11\/pola-nadz-bem-6-1536x1152.jpg 1536w, http:\/\/hospicjumdomowe.com\/wp-content\/uploads\/2025\/11\/pola-nadz-bem-6.jpg 2048w\" sizes=\"(max-width: 1024px) 100vw, 1024px\" \/><\/figure>\n\n\n\n<figure class=\"wp-block-image size-full\"><img decoding=\"async\" data-id=\"643\"  src=\"http:\/\/hospicjumdomowe.com\/wp-content\/uploads\/2025\/11\/pola-nadz-bem-1-2.jpg\" alt=\"\" class=\"wp-image-643\"\/><\/figure>\n<\/figure>\n\n\n\n<p><\/p>\n\n\n\n<p>Przy bemowskiej t\u0119\u017cni studenci-wolontariusze z Warszawskiego Uniwersytetu Medycznego wraz z uczniami Szko\u0142y Podstawowej nr 357 im. Miko\u0142aja Kopernika zasadzili kilkaset cebulek \u017conkili, by na wiosn\u0119 zakwit\u0142o tam Pole Nadziei- znak pami\u0119ci i wsparcia pacjent\u00f3w hospicj\u00f3w. Nast\u0119pnie w Sali Sesji Urz\u0119du Gminy Bemowo nasi lekarze: Agnieszka Surowiec i Krzysztof Moczarski opowiadali o dzia\u0142alno\u015bci naszego hospicjum domowego i specyfice opieki paliatywnej.<\/p>\n","protected":false},"excerpt":{"rendered":"<p>Przy bemowskiej t\u0119\u017cni studenci-wolontariusze z Warszawskiego Uniwersytetu Medycznego wraz z uczniami Szko\u0142y Podstawowej nr 357 im. Miko\u0142aja Kopernika zasadzili kilkaset cebulek \u017conkili, by na wiosn\u0119 zakwit\u0142o tam Pole Nadziei- znak pami\u0119ci i wsparcia pacjent\u00f3w hospicj\u00f3w. Nast\u0119pnie w Sali Sesji Urz\u0119du Gminy Bemowo nasi lekarze: Agnieszka Surowiec i Krzysztof Moczarski opowiadali o dzia\u0142alno\u015bci naszego hospicjum domowego &hellip; <a href=\"http:\/\/hospicjumdomowe.com\/?p=640\" class=\"more-link\">Czytaj dalej <span class=\"screen-reader-text\">Pola Nadziei na Bemowie<\/span><\/a><\/p>\n","protected":false},"author":1,"featured_media":0,"comment_status":"closed","ping_status":"open","sticky":false,"template":"","format":"standard","meta":[],"categories":[1],"tags":[],"_links":{"self":[{"href":"http:\/\/hospicjumdomowe.com\/index.php?rest_route=\/wp\/v2\/posts\/640"}],"collection":[{"href":"http:\/\/hospicjumdomowe.com\/index.php?rest_route=\/wp\/v2\/posts"}],"about":[{"href":"http:\/\/hospicjumdomowe.com\/index.php?rest_route=\/wp\/v2\/types\/post"}],"author":[{"embeddable":true,"href":"http:\/\/hospicjumdomowe.com\/index.php?rest_route=\/wp\/v2\/users\/1"}],"replies":[{"embeddable":true,"href":"http:\/\/hospicjumdomowe.com\/index.php?rest_route=%2Fwp%2Fv2%2Fcomments&post=640"}],"version-history":[{"count":3,"href":"http:\/\/hospicjumdomowe.com\/index.php?rest_route=\/wp\/v2\/posts\/640\/revisions"}],"predecessor-version":[{"id":654,"href":"http:\/\/hospicjumdomowe.com\/index.php?rest_route=\/wp\/v2\/posts\/640\/revisions\/654"}],"wp:attachment":[{"href":"http:\/\/hospicjumdomowe.com\/index.php?rest_route=%2Fwp%2Fv2%2Fmedia&parent=640"}],"wp:term":[{"taxonomy":"category","embeddable":true,"href":"http:\/\/hospicjumdomowe.com\/index.php?rest_route=%2Fwp%2Fv2%2Fcategories&post=640"},{"taxonomy":"post_tag","embeddable":true,"href":"http:\/\/hospicjumdomowe.com\/index.php?rest_route=%2Fwp%2Fv2%2Ftags&post=640"}],"curies":[{"name":"wp","href":"https:\/\/api.w.org\/{rel}","templated":true}]}}